{"id":2431,"date":"2023-09-19T14:03:03","date_gmt":"2023-09-19T17:03:03","guid":{"rendered":"https:\/\/antenaticiudadaniaitaliana.com\/?p=2431"},"modified":"2023-09-19T14:03:04","modified_gmt":"2023-09-19T17:03:04","slug":"ciudadania-italiana-nuevo-proyecto-de-ley-2023","status":"publish","type":"post","link":"https:\/\/antenaticiudadaniaitaliana.com\/ciudadania-italiana-nuevo-proyecto-de-ley-2023\/","title":{"rendered":"Ciudadan\u00eda Italiana: Nuevo Proyecto de Ley 2023."},"content":{"rendered":"\n<p><\/p>\n\n\n\n<p>Es importante tener en cuenta que lo que estamos tratando aqu\u00ed es s\u00f3lo un proyecto. Esto significa que a\u00fan no ha sido aprobado ni sancionado, sino que se ha propuesto como una posible modificaci\u00f3n en las leyes actuales. Por lo tanto, es crucial ser consciente de que podr\u00edamos enfrentarnos a un cambio en las reglas y, en consecuencia, debemos estar preparados para ello.<\/p>\n\n\n\n<p>Entonces, \u00bfde qu\u00e9 se trata exactamente este nuevo proyecto de ley de ciudadan\u00eda italiana? El gobierno italiano ha hecho oficial su intenci\u00f3n de modificar la ley que regula la transmisi\u00f3n de la ciudadan\u00eda italiana. Aparentemente, esto podr\u00eda implicar restricciones en el acceso a la ciudadan\u00eda para descendientes de italianos. Sin embargo, es esencial recordar que este proceso no es tan sencillo.&nbsp;<\/p>\n\n\n\n<p><\/p>\n\n\n\n<h2 id=\"ant-block-themeisle-blocks-advanced-heading-5404f41a\" class=\"ant-block-themeisle-blocks-advanced-heading ant-block-themeisle-blocks-advanced-heading-5404f41a\"><em><strong>\u00bfDe qu\u00e9 se tratan las Propuestas?<\/strong><\/em><\/h2>\n\n\n\n<p><\/p>\n\n\n\n<p><strong>Este proyecto de ley presenta tres propuestas fundamentales:<\/strong><\/p>\n\n\n\n<p><strong>Voto Electr\u00f3nico para Italianos en el Exterior:<\/strong> Busca permitir que los italianos que residen fuera de Italia puedan votar de forma electr\u00f3nica. Esto no afectar\u00eda el derecho actual al reconocimiento de la ciudadan\u00eda italiana, sino que busca mejorar el proceso pol\u00edtico de las elecciones.<\/p>\n\n\n\n<p><strong>Soluciones para Quienes Perdieron su Ciudadan\u00eda Italiana:<\/strong> Propone soluciones para aquellos italianos que perdieron su ciudadan\u00eda en alg\u00fan momento debido a la naturalizaci\u00f3n u otras razones. Si bien esto no afectar\u00eda el proceso actual de reconocimiento de la ciudadan\u00eda italiana, beneficiar\u00eda a aquellos que perdieron su derecho debido a la falta de documentaci\u00f3n.<\/p>\n\n\n\n<p><strong>Nuevos Requisitos para los \u00cdtalo-Descendientes:<\/strong> La parte m\u00e1s relevante para nosotros es la propuesta de implementar nuevos requisitos para el reconocimiento de la ciudadan\u00eda italiana para los \u00edtalo-descendientes.<\/p>\n\n\n\n<h2 id=\"ant-block-themeisle-blocks-advanced-heading-c9967294\" class=\"ant-block-themeisle-blocks-advanced-heading ant-block-themeisle-blocks-advanced-heading-c9967294\"><em>El Objetivo de la Nueva Ley<\/em><\/h2>\n\n\n\n<p><\/p>\n\n\n\n<p>La modificaci\u00f3n de estos requisitos tiene como objetivo garantizar que aquellos que deseen obtener la ciudadan\u00eda italiana lo hagan con una conexi\u00f3n genuina. La idea es que aquellos que adquieran la ciudadan\u00eda italiana lo hagan por una verdadera conexi\u00f3n con la cultura italiana, participando activamente y teniendo conciencia de sus ra\u00edces.<\/p>\n\n\n\n<p>A pesar de esto, es importante reconocer que muchas personas buscan obtener la ciudadan\u00eda italiana por razones pr\u00e1cticas, como acceso a visas y residencia en otros pa\u00edses de la Uni\u00f3n Europea, entre otros beneficios.<\/p>\n\n\n\n<h2 id=\"ant-block-themeisle-blocks-advanced-heading-b717b27f\" class=\"ant-block-themeisle-blocks-advanced-heading ant-block-themeisle-blocks-advanced-heading-b717b27f\"><strong>Nuevos Requisitos: \u00bfQu\u00e9 Implican?<\/strong><\/h2>\n\n\n\n<p><\/p>\n\n\n\n<p>Los nuevos requisitos plantean que aquellos solicitantes hasta el tercer grado de descendencia (hijos, nietos y bisnietos), ya sea por nacimiento o descendencia de residentes italianos, podr\u00edan ser reconocidos como italianos, pero se les requerir\u00eda demostrar un nivel de italiano m\u00ednimo, equivalente al nivel B1.<\/p>\n\n\n\n<p>Por otro lado, aquellos que est\u00e1n en el cuarto y quinto grado de descendencia, adem\u00e1s de cumplir con el requisito del idioma, deber\u00edan tener al menos un a\u00f1o de residencia legal en Italia en el momento de presentar la solicitud. Esto significa que este grupo ya no podr\u00eda solicitar la ciudadan\u00eda italiana desde su pa\u00eds de origen, sino que deber\u00eda vivir en Italia para hacerlo.<\/p>\n\n\n\n<h2 id=\"ant-block-themeisle-blocks-advanced-heading-4ce02341\" class=\"ant-block-themeisle-blocks-advanced-heading ant-block-themeisle-blocks-advanced-heading-4ce02341\"><strong>\u00bfCambiar\u00e1 Realmente Algo?<\/strong><\/h2>\n\n\n\n<p><\/p>\n\n\n\n<p>El impacto de esta nueva ley ser\u00eda significativo. La mayor\u00eda de las consultas que recibimos son de bisnietos o tataranietos, por lo que la mayor\u00eda de las personas tendr\u00eda que cumplir con estos nuevos requisitos.<\/p>\n\n\n\n<p>Sin embargo, es fundamental recordar que este es s\u00f3lo un proyecto. \u00bfPodr\u00eda ser aprobado? S\u00ed, existe esa posibilidad, especialmente si el senador que lo propone tiene el apoyo de la mayor\u00eda parlamentaria. Sin embargo, Italia tiene otras prioridades y la ley a\u00fan debe ser estudiada en detalle. Adem\u00e1s, este tipo de proyectos ha sido propuesto en el pasado sin llegar a ser aprobados.<\/p>\n\n\n\n<p><\/p>\n\n\n\n<h2 id=\"ant-block-themeisle-blocks-advanced-heading-76e4aa2f\" class=\"ant-block-themeisle-blocks-advanced-heading ant-block-themeisle-blocks-advanced-heading-76e4aa2f\"><em><strong>\u00bfQu\u00e9 Deber\u00edas Hacer Ahora?<\/strong><\/em><\/h2>\n\n\n\n<p><\/p>\n\n\n\n<p>La recomendaci\u00f3n principal es mantener la calma. Si has comenzado el proceso, contin\u00faa con \u00e9l. Si a\u00fan no lo has iniciado, considera hacerlo lo antes posible. Si est\u00e1s cerca de completarlo, aceler\u00e1 la m\u00e1quina. Si ya fuiste reconocido como ciudadano italiano, no te ver\u00e1s afectado por esta posible modificaci\u00f3n.<\/p>\n\n\n\n<p><\/p>\n\n\n\n<p><em>Sin importar en qu\u00e9 etapa te encuentres, nuestro equipo est\u00e1 aqu\u00ed para brindarte el mejor apoyo y orientaci\u00f3n. Hemos pasado por este proceso y comprendemos las preocupaciones y preguntas que puedas tener. Agend\u00e1 una entrevista con nosotros para despejar tus dudas y avanzar a todo vapor&#8230;<\/em><\/p>\n\n\n\n<p><\/p>\n\n\n\n<p><\/p>\n\n\n\n<p><\/p>\n\n\n\n<p><\/p>\n\n\n\n<p><\/p>\n\n\n\n<p><\/p>\n\n\n\n<p><\/p>\n","protected":false},"excerpt":{"rendered":"<p>Es importante tener en cuenta que lo que estamos tratando aqu\u00ed es s\u00f3lo un proyecto. Esto significa que a\u00fan no ha sido aprobado ni sancionado, sino que se ha propuesto como una posible modificaci\u00f3n en las leyes actuales. Por lo tanto, es crucial ser consciente de que podr\u00edamos enfrentarnos a un cambio en las reglas&#8230;<\/p>\n<div class=\" [&hellip;]\"><a href=\"https:\/\/antenaticiudadaniaitaliana.com\/ciudadania-italiana-nuevo-proyecto-de-ley-2023\/\">Leer M\u00e1s<\/a><\/div>\n","protected":false},"author":1,"featured_media":2434,"comment_status":"closed","ping_status":"open","sticky":false,"template":"","format":"standard","meta":{"_acf_changed":false,"_themeisle_gutenberg_block_has_review":false,"_joinchat":[],"footnotes":""},"categories":[1],"tags":[],"class_list":["post-2431","post","type-post","status-publish","format-standard","has-post-thumbnail","hentry","category-articulos"],"ant-y-_head":"\n<title>Ciudadan\u00eda Italiana: Nuevo Proyecto de Ley 2023. - Antenati - Ciudadan\u00eda Italiana<\/title>\n<meta name=\"robots\" content=\"index, follow, max-snippet:-1, max-image-preview:large, max-video-preview:-1\" \/>\n<link rel=\"canonical\" href=\"https:\/\/antenaticiudadaniaitaliana.com\/ciudadania-italiana-nuevo-proyecto-de-ley-2023\/\" \/>\n<meta property=\"og:locale\" content=\"es_ES\" \/>\n<meta property=\"og:type\" content=\"article\" \/>\n<meta property=\"og:title\" content=\"Ciudadan\u00eda Italiana: Nuevo Proyecto de Ley 2023.\" \/>\n<meta property=\"og:description\" content=\"Es importante tener en cuenta que lo que estamos tratando aqu\u00ed es s\u00f3lo un proyecto. Esto significa que a\u00fan no ha sido aprobado ni sancionado, sino que se ha propuesto como una posible modificaci\u00f3n en las leyes actuales. Por lo tanto, es crucial ser consciente de que podr\u00edamos enfrentarnos a un cambio en las reglas...Leer M\u00e1s\" \/>\n<meta property=\"og:url\" content=\"https:\/\/antenaticiudadaniaitaliana.com\/ciudadania-italiana-nuevo-proyecto-de-ley-2023\/\" \/>\n<meta property=\"og:site_name\" content=\"Antenati - Ciudadan\u00eda Italiana\" \/>\n<meta property=\"article:publisher\" content=\"https:\/\/www.facebook.com\/AntenatiCiudadaniaItaliana\/\" \/>\n<meta property=\"article:published_time\" content=\"2023-09-19T17:03:03+00:00\" \/>\n<meta property=\"article:modified_time\" content=\"2023-09-19T17:03:04+00:00\" \/>\n<meta property=\"og:image\" content=\"https:\/\/antenaticiudadaniaitaliana.com\/my_uploads\/2023\/09\/pexels-antonio-filigno-2727966-scaled.jpg\" \/>\n\t<meta property=\"og:image:width\" content=\"2560\" \/>\n\t<meta property=\"og:image:height\" content=\"1707\" \/>\n\t<meta property=\"og:image:type\" content=\"image\/jpeg\" \/>\n<meta name=\"author\" content=\"antenati_osz8pf\" \/>\n<meta name=\"twitter:card\" content=\"summary_large_image\" \/>\n<meta name=\"twitter:label1\" content=\"Escrito por\" \/>\n\t<meta name=\"twitter:data1\" content=\"antenati_osz8pf\" \/>\n\t<meta name=\"twitter:label2\" content=\"Tiempo de lectura\" \/>\n\t<meta name=\"twitter:data2\" content=\"4 minutos\" \/>\n<script type=\"application\/ld+json\" class=\"ant-y--schema-graph\">{\"@context\":\"https:\\\/\\\/schema.org\",\"@graph\":[{\"@type\":\"Article\",\"@id\":\"https:\\\/\\\/antenaticiudadaniaitaliana.com\\\/ciudadania-italiana-nuevo-proyecto-de-ley-2023\\\/#article\",\"isPartOf\":{\"@id\":\"https:\\\/\\\/antenaticiudadaniaitaliana.com\\\/ciudadania-italiana-nuevo-proyecto-de-ley-2023\\\/\"},\"author\":{\"name\":\"antenati_osz8pf\",\"@id\":\"https:\\\/\\\/antenaticiudadaniaitaliana.com\\\/#\\\/schema\\\/person\\\/5fb6cf957c07dff04bee29c88c9a3773\"},\"headline\":\"Ciudadan\u00eda Italiana: Nuevo Proyecto de Ley 2023.\",\"datePublished\":\"2023-09-19T17:03:03+00:00\",\"dateModified\":\"2023-09-19T17:03:04+00:00\",\"mainEntityOfPage\":{\"@id\":\"https:\\\/\\\/antenaticiudadaniaitaliana.com\\\/ciudadania-italiana-nuevo-proyecto-de-ley-2023\\\/\"},\"wordCount\":740,\"publisher\":{\"@id\":\"https:\\\/\\\/antenaticiudadaniaitaliana.com\\\/#organization\"},\"image\":{\"@id\":\"https:\\\/\\\/antenaticiudadaniaitaliana.com\\\/ciudadania-italiana-nuevo-proyecto-de-ley-2023\\\/#primaryimage\"},\"thumbnailUrl\":\"https:\\\/\\\/antenaticiudadaniaitaliana.com\\\/ant-content\\\/uploads\\\/2023\\\/09\\\/pexels-antonio-filigno-2727966-scaled.jpg\",\"articleSection\":[\"Art\u00edculos\"],\"inLanguage\":\"es\"},{\"@type\":\"WebPage\",\"@id\":\"https:\\\/\\\/antenaticiudadaniaitaliana.com\\\/ciudadania-italiana-nuevo-proyecto-de-ley-2023\\\/\",\"url\":\"https:\\\/\\\/antenaticiudadaniaitaliana.com\\\/ciudadania-italiana-nuevo-proyecto-de-ley-2023\\\/\",\"name\":\"Ciudadan\u00eda Italiana: Nuevo Proyecto de Ley 2023. - Antenati - Ciudadan\u00eda Italiana\",\"isPartOf\":{\"@id\":\"https:\\\/\\\/antenaticiudadaniaitaliana.com\\\/#website\"},\"primaryImageOfPage\":{\"@id\":\"https:\\\/\\\/antenaticiudadaniaitaliana.com\\\/ciudadania-italiana-nuevo-proyecto-de-ley-2023\\\/#primaryimage\"},\"image\":{\"@id\":\"https:\\\/\\\/antenaticiudadaniaitaliana.com\\\/ciudadania-italiana-nuevo-proyecto-de-ley-2023\\\/#primaryimage\"},\"thumbnailUrl\":\"https:\\\/\\\/antenaticiudadaniaitaliana.com\\\/ant-content\\\/uploads\\\/2023\\\/09\\\/pexels-antonio-filigno-2727966-scaled.jpg\",\"datePublished\":\"2023-09-19T17:03:03+00:00\",\"dateModified\":\"2023-09-19T17:03:04+00:00\",\"breadcrumb\":{\"@id\":\"https:\\\/\\\/antenaticiudadaniaitaliana.com\\\/ciudadania-italiana-nuevo-proyecto-de-ley-2023\\\/#breadcrumb\"},\"inLanguage\":\"es\",\"potentialAction\":[{\"@type\":\"ReadAction\",\"target\":[\"https:\\\/\\\/antenaticiudadaniaitaliana.com\\\/ciudadania-italiana-nuevo-proyecto-de-ley-2023\\\/\"]}]},{\"@type\":\"ImageObject\",\"inLanguage\":\"es\",\"@id\":\"https:\\\/\\\/antenaticiudadaniaitaliana.com\\\/ciudadania-italiana-nuevo-proyecto-de-ley-2023\\\/#primaryimage\",\"url\":\"https:\\\/\\\/antenaticiudadaniaitaliana.com\\\/ant-content\\\/uploads\\\/2023\\\/09\\\/pexels-antonio-filigno-2727966-scaled.jpg\",\"contentUrl\":\"https:\\\/\\\/antenaticiudadaniaitaliana.com\\\/ant-content\\\/uploads\\\/2023\\\/09\\\/pexels-antonio-filigno-2727966-scaled.jpg\",\"width\":2560,\"height\":1707,\"caption\":\"Ya no se podr\u00e1 sacar ciudadania.\"},{\"@type\":\"BreadcrumbList\",\"@id\":\"https:\\\/\\\/antenaticiudadaniaitaliana.com\\\/ciudadania-italiana-nuevo-proyecto-de-ley-2023\\\/#breadcrumb\",\"itemListElement\":[{\"@type\":\"ListItem\",\"position\":1,\"name\":\"Inicio\",\"item\":\"https:\\\/\\\/antenaticiudadaniaitaliana.com\\\/\"},{\"@type\":\"ListItem\",\"position\":2,\"name\":\"Ciudadan\u00eda Italiana: Nuevo Proyecto de Ley 2023.\"}]},{\"@type\":\"WebSite\",\"@id\":\"https:\\\/\\\/antenaticiudadaniaitaliana.com\\\/#website\",\"url\":\"https:\\\/\\\/antenaticiudadaniaitaliana.com\\\/\",\"name\":\"Antenati - Ciudadan\u00eda Italiana\",\"description\":\"Gestor\u00eda Integral de Ciudadan\u00edas Italianas\",\"publisher\":{\"@id\":\"https:\\\/\\\/antenaticiudadaniaitaliana.com\\\/#organization\"},\"potentialAction\":[{\"@type\":\"SearchAction\",\"target\":{\"@type\":\"EntryPoint\",\"urlTemplate\":\"https:\\\/\\\/antenaticiudadaniaitaliana.com\\\/?s={search_term_string}\"},\"query-input\":{\"@type\":\"PropertyValueSpecification\",\"valueRequired\":true,\"valueName\":\"search_term_string\"}}],\"inLanguage\":\"es\"},{\"@type\":\"Organization\",\"@id\":\"https:\\\/\\\/antenaticiudadaniaitaliana.com\\\/#organization\",\"name\":\"Antenati Ciudadan\u00eda Italiana\",\"url\":\"https:\\\/\\\/antenaticiudadaniaitaliana.com\\\/\",\"logo\":{\"@type\":\"ImageObject\",\"inLanguage\":\"es\",\"@id\":\"https:\\\/\\\/antenaticiudadaniaitaliana.com\\\/#\\\/schema\\\/logo\\\/image\\\/\",\"url\":\"https:\\\/\\\/antenaticiudadaniaitaliana.com\\\/ant-content\\\/uploads\\\/2023\\\/09\\\/Logo-Base-1.png\",\"contentUrl\":\"https:\\\/\\\/antenaticiudadaniaitaliana.com\\\/ant-content\\\/uploads\\\/2023\\\/09\\\/Logo-Base-1.png\",\"width\":369,\"height\":72,\"caption\":\"Antenati Ciudadan\u00eda Italiana\"},\"image\":{\"@id\":\"https:\\\/\\\/antenaticiudadaniaitaliana.com\\\/#\\\/schema\\\/logo\\\/image\\\/\"},\"sameAs\":[\"https:\\\/\\\/www.facebook.com\\\/AntenatiCiudadaniaItaliana\\\/\",\"https:\\\/\\\/www.instagram.com\\\/antenaticiudadaniaitaliana\\\/\"]},{\"@type\":\"Person\",\"@id\":\"https:\\\/\\\/antenaticiudadaniaitaliana.com\\\/#\\\/schema\\\/person\\\/5fb6cf957c07dff04bee29c88c9a3773\",\"name\":\"antenati_osz8pf\",\"sameAs\":[\"https:\\\/\\\/antenaticiudadaniaitaliana.com\"],\"url\":\"https:\\\/\\\/antenaticiudadaniaitaliana.com\\\/author\\\/antenati_osz8pf\\\/\"}]}<\/script>\n","ant-y-_head_json":{"title":"Ciudadan\u00eda Italiana: Nuevo Proyecto de Ley 2023. - Antenati - Ciudadan\u00eda Italiana","robots":{"index":"index","follow":"follow","max-snippet":"max-snippet:-1","max-image-preview":"max-image-preview:large","max-video-preview":"max-video-preview:-1"},"canonical":"https:\/\/antenaticiudadaniaitaliana.com\/ciudadania-italiana-nuevo-proyecto-de-ley-2023\/","og_locale":"es_ES","og_type":"article","og_title":"Ciudadan\u00eda Italiana: Nuevo Proyecto de Ley 2023.","og_description":"Es importante tener en cuenta que lo que estamos tratando aqu\u00ed es s\u00f3lo un proyecto. Esto significa que a\u00fan no ha sido aprobado ni sancionado, sino que se ha propuesto como una posible modificaci\u00f3n en las leyes actuales. Por lo tanto, es crucial ser consciente de que podr\u00edamos enfrentarnos a un cambio en las reglas...Leer M\u00e1s","og_url":"https:\/\/antenaticiudadaniaitaliana.com\/ciudadania-italiana-nuevo-proyecto-de-ley-2023\/","og_site_name":"Antenati - Ciudadan\u00eda Italiana","article_publisher":"https:\/\/www.facebook.com\/AntenatiCiudadaniaItaliana\/","article_published_time":"2023-09-19T17:03:03+00:00","article_modified_time":"2023-09-19T17:03:04+00:00","og_image":[{"width":2560,"height":1707,"url":"https:\/\/antenaticiudadaniaitaliana.com\/my_uploads\/2023\/09\/pexels-antonio-filigno-2727966-scaled.jpg","type":"image\/jpeg"}],"author":"antenati_osz8pf","twitter_card":"summary_large_image","twitter_misc":{"Escrito por":"antenati_osz8pf","Tiempo de lectura":"4 minutos"},"schema":{"@context":"https:\/\/schema.org","@graph":[{"@type":"Article","@id":"https:\/\/antenaticiudadaniaitaliana.com\/ciudadania-italiana-nuevo-proyecto-de-ley-2023\/#article","isPartOf":{"@id":"https:\/\/antenaticiudadaniaitaliana.com\/ciudadania-italiana-nuevo-proyecto-de-ley-2023\/"},"author":{"name":"antenati_osz8pf","@id":"https:\/\/antenaticiudadaniaitaliana.com\/#\/schema\/person\/5fb6cf957c07dff04bee29c88c9a3773"},"headline":"Ciudadan\u00eda Italiana: Nuevo Proyecto de Ley 2023.","datePublished":"2023-09-19T17:03:03+00:00","dateModified":"2023-09-19T17:03:04+00:00","mainEntityOfPage":{"@id":"https:\/\/antenaticiudadaniaitaliana.com\/ciudadania-italiana-nuevo-proyecto-de-ley-2023\/"},"wordCount":740,"publisher":{"@id":"https:\/\/antenaticiudadaniaitaliana.com\/#organization"},"image":{"@id":"https:\/\/antenaticiudadaniaitaliana.com\/ciudadania-italiana-nuevo-proyecto-de-ley-2023\/#primaryimage"},"thumbnailUrl":"https:\/\/antenaticiudadaniaitaliana.com\/my_uploads\/2023\/09\/pexels-antonio-filigno-2727966-scaled.jpg","articleSection":["Art\u00edculos"],"inLanguage":"es"},{"@type":"WebPage","@id":"https:\/\/antenaticiudadaniaitaliana.com\/ciudadania-italiana-nuevo-proyecto-de-ley-2023\/","url":"https:\/\/antenaticiudadaniaitaliana.com\/ciudadania-italiana-nuevo-proyecto-de-ley-2023\/","name":"Ciudadan\u00eda Italiana: Nuevo Proyecto de Ley 2023. - Antenati - Ciudadan\u00eda Italiana","isPartOf":{"@id":"https:\/\/antenaticiudadaniaitaliana.com\/#website"},"primaryImageOfPage":{"@id":"https:\/\/antenaticiudadaniaitaliana.com\/ciudadania-italiana-nuevo-proyecto-de-ley-2023\/#primaryimage"},"image":{"@id":"https:\/\/antenaticiudadaniaitaliana.com\/ciudadania-italiana-nuevo-proyecto-de-ley-2023\/#primaryimage"},"thumbnailUrl":"https:\/\/antenaticiudadaniaitaliana.com\/my_uploads\/2023\/09\/pexels-antonio-filigno-2727966-scaled.jpg","datePublished":"2023-09-19T17:03:03+00:00","dateModified":"2023-09-19T17:03:04+00:00","breadcrumb":{"@id":"https:\/\/antenaticiudadaniaitaliana.com\/ciudadania-italiana-nuevo-proyecto-de-ley-2023\/#breadcrumb"},"inLanguage":"es","potentialAction":[{"@type":"ReadAction","target":["https:\/\/antenaticiudadaniaitaliana.com\/ciudadania-italiana-nuevo-proyecto-de-ley-2023\/"]}]},{"@type":"ImageObject","inLanguage":"es","@id":"https:\/\/antenaticiudadaniaitaliana.com\/ciudadania-italiana-nuevo-proyecto-de-ley-2023\/#primaryimage","url":"https:\/\/antenaticiudadaniaitaliana.com\/my_uploads\/2023\/09\/pexels-antonio-filigno-2727966-scaled.jpg","contentUrl":"https:\/\/antenaticiudadaniaitaliana.com\/my_uploads\/2023\/09\/pexels-antonio-filigno-2727966-scaled.jpg","width":2560,"height":1707,"caption":"Ya no se podr\u00e1 sacar ciudadania."},{"@type":"BreadcrumbList","@id":"https:\/\/antenaticiudadaniaitaliana.com\/ciudadania-italiana-nuevo-proyecto-de-ley-2023\/#breadcrumb","itemListElement":[{"@type":"ListItem","position":1,"name":"Inicio","item":"https:\/\/antenaticiudadaniaitaliana.com\/"},{"@type":"ListItem","position":2,"name":"Ciudadan\u00eda Italiana: Nuevo Proyecto de Ley 2023."}]},{"@type":"WebSite","@id":"https:\/\/antenaticiudadaniaitaliana.com\/#website","url":"https:\/\/antenaticiudadaniaitaliana.com\/","name":"Antenati - Ciudadan\u00eda Italiana","description":"Gestor\u00eda Integral de Ciudadan\u00edas Italianas","publisher":{"@id":"https:\/\/antenaticiudadaniaitaliana.com\/#organization"},"potentialAction":[{"@type":"SearchAction","target":{"@type":"EntryPoint","urlTemplate":"https:\/\/antenaticiudadaniaitaliana.com\/?s={search_term_string}"},"query-input":{"@type":"PropertyValueSpecification","valueRequired":true,"valueName":"search_term_string"}}],"inLanguage":"es"},{"@type":"Organization","@id":"https:\/\/antenaticiudadaniaitaliana.com\/#organization","name":"Antenati Ciudadan\u00eda Italiana","url":"https:\/\/antenaticiudadaniaitaliana.com\/","logo":{"@type":"ImageObject","inLanguage":"es","@id":"https:\/\/antenaticiudadaniaitaliana.com\/#\/schema\/logo\/image\/","url":"https:\/\/antenaticiudadaniaitaliana.com\/my_uploads\/2023\/09\/Logo-Base-1.png","contentUrl":"https:\/\/antenaticiudadaniaitaliana.com\/my_uploads\/2023\/09\/Logo-Base-1.png","width":369,"height":72,"caption":"Antenati Ciudadan\u00eda Italiana"},"image":{"@id":"https:\/\/antenaticiudadaniaitaliana.com\/#\/schema\/logo\/image\/"},"sameAs":["https:\/\/www.facebook.com\/AntenatiCiudadaniaItaliana\/","https:\/\/www.instagram.com\/antenaticiudadaniaitaliana\/"]},{"@type":"Person","@id":"https:\/\/antenaticiudadaniaitaliana.com\/#\/schema\/person\/5fb6cf957c07dff04bee29c88c9a3773","name":"antenati_osz8pf","sameAs":["https:\/\/antenaticiudadaniaitaliana.com"],"url":"https:\/\/antenaticiudadaniaitaliana.com\/profile\/antenati_osz8pf\/"}]}},"acf":[],"_links":{"self":[{"href":"https:\/\/antenaticiudadaniaitaliana.com\/api-json\/wp\/v2\/posts\/2431","targetHints":{"allow":["GET"]}}],"collection":[{"href":"https:\/\/antenaticiudadaniaitaliana.com\/api-json\/wp\/v2\/posts"}],"about":[{"href":"https:\/\/antenaticiudadaniaitaliana.com\/api-json\/wp\/v2\/types\/post"}],"author":[{"embeddable":true,"href":"https:\/\/antenaticiudadaniaitaliana.com\/api-json\/wp\/v2\/users\/1"}],"replies":[{"embeddable":true,"href":"https:\/\/antenaticiudadaniaitaliana.com\/api-json\/wp\/v2\/comments?post=2431"}],"version-history":[{"count":2,"href":"https:\/\/antenaticiudadaniaitaliana.com\/api-json\/wp\/v2\/posts\/2431\/revisions"}],"predecessor-version":[{"id":2433,"href":"https:\/\/antenaticiudadaniaitaliana.com\/api-json\/wp\/v2\/posts\/2431\/revisions\/2433"}],"wp:featuredmedia":[{"embeddable":true,"href":"https:\/\/antenaticiudadaniaitaliana.com\/api-json\/wp\/v2\/media\/2434"}],"wp:attachment":[{"href":"https:\/\/antenaticiudadaniaitaliana.com\/api-json\/wp\/v2\/media?parent=2431"}],"wp:term":[{"taxonomy":"category","embeddable":true,"href":"https:\/\/antenaticiudadaniaitaliana.com\/api-json\/wp\/v2\/categories?post=2431"},{"taxonomy":"post_tag","embeddable":true,"href":"https:\/\/antenaticiudadaniaitaliana.com\/api-json\/wp\/v2\/tags?post=2431"}],"curies":[{"name":"wp","href":"https:\/\/api.w.org\/{rel}","templated":true}]}}